{"id":91,"date":"2008-05-13T13:26:38","date_gmt":"2008-05-13T13:26:38","guid":{"rendered":"http:\/\/localhost\/wp\/wordpress\/2008\/05\/13\/hellawardin-u-perawez-kirdini-shewazekani-kurdi\/"},"modified":"2008-05-13T13:26:38","modified_gmt":"2008-05-13T13:26:38","slug":"hellawardin-u-perawez-kirdini-shewazekani-kurdi","status":"publish","type":"post","link":"https:\/\/kurdishacademy.org\/?p=91","title":{"rendered":"Hellawardin \u00fa peraw\u00e9z kirdin\u00ed sh\u00e9wazekan\u00ed Kurd\u00ed"},"content":{"rendered":"<p>Hesen Qaz&iacute;&nbsp; (R&uacute;wange, <span style=\"font-family: Verdana;\">21\/04\/2008)<\/span><\/p>\n<p><!--more--><\/p>\n<p>Hesen Qaz&iacute;&nbsp; (R&uacute;wange, <span style=\"font-family: Verdana;\">21\/04\/2008)<\/span><\/p>\n<p><span style=\"font-family: Verdana;\"><b>J&eacute;bej&eacute;kirdin&iacute; &quot;peyam&iacute;    komel&eacute;k n&uacute;ser &uacute; ed&iacute;b &uacute; ekad&iacute;m&iacute;st&iacute; kurd bo &quot;standerayzkirdin&iacute;    ziman&iacute; kurd&iacute;y [kurd&iacute;]&quot; be manay helawardin    &uacute; peraw&eacute;z kirdin&iacute; sh&eacute;wazekan&iacute; kurd&iacute; ye<\/b>.&nbsp;<br \/>&nbsp; <\/span><span style=\"font-family: Verdana;\"><img loading=\"lazy\" decoding=\"async\" class=\" alignright size-full wp-image-90\" hspace=\"5\" height=\"164\" width=\"130\" vspace=\"5\" border=\"2\" align=\"right\" alt=\"Hesen Qazi\" src=\"http:\/\/localhost\/wp\/wordpress\/wp-content\/uploads\/2008\/05\/hesen_qazi_02.png\" \/><\/span><\/p>\n<p>Le rojhnamey Hawillat&iacute; da (jhimare 415, yekshemme 20\/4\/ 2008 ) bangewaz&eacute;k    be &iacute;mzay 53 &quot; n&uacute;ser, ed&iacute;b &uacute; akad&eacute;m&iacute;st&iacute; kurd&quot; ruwew    serok&iacute; her&eacute;m&iacute; Kurdistan, serok &uacute; endaman&iacute; Parlaman&iacute; Kurdistan, serok &uacute; enjumen&iacute; wez&iacute;ran&iacute; Kurdistan, wez&iacute;r&iacute; perwerdey xw&eacute;ndin&iacute;    balla &uacute; roshinb&iacute;r&iacute;y [roshnb&iacute;r&iacute;] endaman&iacute; mekteb&iacute; siyas&iacute;y YNK,    PDK &uacute; Yekgirtuw&iacute; Islam&iacute; &uacute; h&iacute;zbe kurdistaniyekan&quot; billaw kirawetewe    &uacute; be kurt&iacute; &uacute; be kurd&iacute; dawa le ew destellatane deken be dem bangewazekeyan    ewe bicin bo &quot;be ferm&iacute; nas&iacute;n&iacute; kurd&iacute;y nawerrast&quot; be b&eacute;    ewey be r&uacute;n&iacute; diyar&iacute; biken mebest&iacute; yan kame sh&eacute;waz&iacute; Kurd&iacute; ye cunk&uacute;    den&uacute;sin: &quot;ew zimaney ke mebest man e be ferm&iacute; binasr&eacute; heman    ew zimane ye ke zanay Xuwa l&eacute; xoshb&uacute; Tof&iacute;q Wehb&iacute; beg r&eacute;n&uacute;s&iacute; bo    danawe, ziman&iacute; yekem&iacute;n huk&uacute;met&iacute; Kurd&iacute;, huk&uacute;metekey sh&eacute;x    Mehm&uacute;d &uacute; Komar&iacute; Mehabad b&uacute;, pashan <font size=\"2\">&zwnj; le sall&iacute; 1949 le konferans&iacute; gisht&iacute; mamostayan    le Sheqllawe jext le ser be ferm&iacute; nas&iacute;n&iacute; kirawetewe&quot;.<\/font><\/p>\n<p><span style=\"font-family: Verdana;\"> Wajhokaran&iacute; em peyame ke h&eacute;nd&eacute;kiyan xizmet&iacute; gewre yan be r&uacute;nakb&iacute;r&iacute;    kurd&iacute; be gisht&iacute; kirduwe &uacute; ew xizmete yan sin&uacute;r&iacute; ew sh&eacute;wazey p&eacute;y&iacute;    deduw&eacute;n t&eacute;deper&eacute;n&eacute;, be pall pisht&iacute; hukm&iacute; m&eacute;jhuw&iacute; ke selmandin&iacute;    j&eacute;gey gengeshe &uacute; l&eacute;dwane w&iacute;stuwiyane pasaw&eacute;k bo selmandin&iacute; peyameke    yan bih&eacute;ninewe. Xiw&eacute;ndineweyek&iacute; babetiyane &uacute; be d&uacute;r le demargirjh&iacute;    capemeniyekan&iacute; serdem&iacute; sh&eacute;x Mehm&uacute;d &uacute; serdemay destelat&iacute; Komar&iacute;    Kurdistan le Mihabad der&iacute; dexa, le gell ewesh da t&eacute;geyshtin&iacute; d&uacute;layene    le ara da ye, bellam be p&eacute;y p&eacute;werekan&iacute; zimannas&iacute; jiyawaziyek&iacute;    zor&iacute;sh le n&eacute;wani yan da bed&iacute; dekir&eacute;. Le buwar&iacute; s&eacute;mant&iacute;k &uacute; watasaz&iacute;    da yekiyan le jh&eacute;r taw&iacute; &#8216;Ereb&iacute;, Tirk&iacute; &uacute; Fars&iacute; &uacute; ew&iacute;tiri yan    le jh&eacute;r kardanew&iacute; Fars&iacute; da buwe. <\/span><\/p>\n<p><span style=\"font-family: Verdana;\"><\/p>\n<p><font size=\"2\">Wajhokaran hercend&iacute; w&iacute;stuwiyane ax&eacute;weran    &uacute; dekarh&eacute;neran&iacute; sh&eacute;wazekan&iacute; Kurd&iacute; tir neyawr&uacute;jh&eacute;nin bellam be    zanay&iacute; yan narrastewxo boc&uacute;neke yan zem&iacute;ney dabiran&eacute;k&iacute; d&iacute;ke le    n&eacute;w komellan&iacute; Kurd&iacute; duw&eacute; da p&eacute;k deh&eacute;n&eacute;. <br \/> <\/font><\/p>\n<p> <\/span><\/p>\n<p><span style=\"font-family: Verdana;\"><\/p>\n<p><font size=\"2\">Ewey ke j&eacute;y&iacute; serinj e dekarkiran&iacute;    ew dawxwaze le buwar&iacute; kirdey&iacute; da tewaw be p&eacute;cewaney r&eacute;z girtin le    fire ceshn&iacute; &uacute; jorajor&iacute; ye (&uacute; le &eacute;re da fire ceshn&iacute; ziman&iacute;) ke    besh&eacute;k&iacute; zor&iacute; ew n&uacute;serane le n&uacute;s&iacute;n &uacute; hellw&eacute;stekaniyan da der&iacute;    debirin. <br \/> <\/font><\/p>\n<p> <\/span><\/p>\n<p><span style=\"font-family: Verdana;\"><\/p>\n<p><font size=\"2\">De rast&iacute; da le em qonaxey hen&uacute;key&iacute;    Kurdistan&iacute; Iraq da ewey deb&eacute; p&eacute;sh bixir&eacute; &uacute; pilan&iacute; bo dabindr&eacute;    dan&iacute; derfet &uacute; deretan&iacute; yeksan e be hem&uacute; sh&eacute;wezarekan&iacute; ke le ew    beshey jugrafiyay&iacute; Kurdistan da dekar dekirdir&eacute;n. Be &quot; ferm&iacute;    nas&iacute;n&iacute;&quot; sh&eacute;waz&eacute;k le ziman bimanew&eacute; &uacute; nenhew&eacute; deb&eacute;te hoy    hellawardin &uacute; de peraw&eacute;z aw&eacute;tin&iacute; ewan&iacute; d&iacute; &uacute; ax&eacute;weran &uacute; bekarh&eacute;neran&iacute;    sh&eacute;wazekan&iacute; d&iacute;ke be heq wek &quot;xushk &uacute; biray cikole&quot; hest    be xoyan deken. <br \/> <\/font><\/p>\n<p> <\/span><\/p>\n<p><span style=\"font-family: Verdana;\"><\/p>\n<p><font size=\"2\">N&uacute;seran&iacute; peyam le bir&iacute; peyam&eacute;k&iacute;    gisht&iacute; ewto heq wab&uacute; pilan&eacute;k&iacute; ziman&iacute; konkr&eacute;t &uacute; b&eacute; p&eacute;c &uacute; pena    ke be p&eacute;y&iacute; fire ceshn&iacute; ziman&iacute; komellgey Kurdistan&iacute; Iraq dar&eacute;jhrab&eacute;    p&eacute;shk&eacute;sh&iacute; destellat&iacute; siyas&iacute; &uacute; dar&eacute;jheran&iacute; buwar&iacute; xw&eacute;ndin &uacute;    perwerde biken. <br \/> <\/font><\/p>\n<p> <\/span><\/p>\n<p><span style=\"font-family: Verdana;\"><\/p>\n<p><font size=\"2\">B&eacute;guman ne xellk&iacute; her&eacute;m&iacute; Bad&iacute;nan,    ne nawcey Hewraman &uacute; ne ax&eacute;weran&iacute; sh&eacute;waz&iacute; kurd&iacute; xwar&uacute; le n&eacute;werok&iacute;    ew peyame raz&iacute; nabin, le serubend&eacute;k da ke zor pirs &uacute; babet&iacute; gir&iacute;ngtir    p&eacute;daw&iacute;st&iacute;yan be sirinj&iacute; yek da be duy destelat&iacute; siyas&iacute; heye dawayek&iacute;    ewto jige le t&iacute;zdan&iacute; kefukul&iacute; bestiranewey nawcey&iacute; &uacute; xoj&eacute;y&iacute; c&iacute;tir&iacute;    l&eacute; sh&iacute;n nab&eacute;, h&iacute;wadar im wajhokaran be boc&uacute;n&iacute; xo yan da bicinewe    &uacute; bangewaz&iacute; r&eacute;zl&eacute;nan le fire ceshn&iacute; ziman&iacute; biden nek dasepandin&iacute;    tak ceshn&iacute;. <br \/> <\/font><\/p>\n<p> <\/span><\/p>\n<p><span style=\"font-family: Verdana;\">Sercawe; mallperr&iacute; <a href=\"http:\/\/ruwange.blogspot.com\">RUWANGE<\/a>&nbsp; <\/span><span style=\"font-family: Verdana;\">21\/04\/2008<\/span><\/p>\n","protected":false},"excerpt":{"rendered":"<p>Hesen Qaz&iacute;&nbsp; (R&uacute;wange, 21\/04\/2008)<\/p>\n","protected":false},"author":1,"featured_media":90,"comment_status":"open","ping_status":"open","sticky":false,"template":"","format":"standard","meta":{"footnotes":""},"categories":[1],"tags":[],"class_list":["post-91","post","type-post","status-publish","format-standard","has-post-thumbnail","hentry","category-uncategorized"],"_links":{"self":[{"href":"https:\/\/kurdishacademy.org\/index.php?rest_route=\/wp\/v2\/posts\/91","targetHints":{"allow":["GET"]}}],"collection":[{"href":"https:\/\/kurdishacademy.org\/index.php?rest_route=\/wp\/v2\/posts"}],"about":[{"href":"https:\/\/kurdishacademy.org\/index.php?rest_route=\/wp\/v2\/types\/post"}],"author":[{"embeddable":true,"href":"https:\/\/kurdishacademy.org\/index.php?rest_route=\/wp\/v2\/users\/1"}],"replies":[{"embeddable":true,"href":"https:\/\/kurdishacademy.org\/index.php?rest_route=%2Fwp%2Fv2%2Fcomments&post=91"}],"version-history":[{"count":0,"href":"https:\/\/kurdishacademy.org\/index.php?rest_route=\/wp\/v2\/posts\/91\/revisions"}],"wp:featuredmedia":[{"embeddable":true,"href":"https:\/\/kurdishacademy.org\/index.php?rest_route=\/"}],"wp:attachment":[{"href":"https:\/\/kurdishacademy.org\/index.php?rest_route=%2Fwp%2Fv2%2Fmedia&parent=91"}],"wp:term":[{"taxonomy":"category","embeddable":true,"href":"https:\/\/kurdishacademy.org\/index.php?rest_route=%2Fwp%2Fv2%2Fcategories&post=91"},{"taxonomy":"post_tag","embeddable":true,"href":"https:\/\/kurdishacademy.org\/index.php?rest_route=%2Fwp%2Fv2%2Ftags&post=91"}],"curies":[{"name":"wp","href":"https:\/\/api.w.org\/{rel}","templated":true}]}}